{"id":417,"date":"2026-09-04T10:28:47","date_gmt":"2026-09-04T08:28:47","guid":{"rendered":"https:\/\/snudifo14.com\/?p=417"},"modified":"2026-09-04T10:28:48","modified_gmt":"2026-09-04T08:28:48","slug":"rassemblement-mercredi-16-septembre-a-14h-devant-le-ministere-pour-le-recrutement-immediat-de-tous-les-candidats-inscrits-sur-les-listes-complementaires","status":"publish","type":"post","link":"https:\/\/snudifo14.com\/index.php\/2026\/09\/04\/rassemblement-mercredi-16-septembre-a-14h-devant-le-ministere-pour-le-recrutement-immediat-de-tous-les-candidats-inscrits-sur-les-listes-complementaires\/","title":{"rendered":"Rassemblement mercredi 16 septembre \u00e0 14h devant le minist\u00e8re pour le recrutement imm\u00e9diat de tous les candidats inscrits sur les listes compl\u00e9mentaires !"},"content":{"rendered":"\n<p class=\"wp-block-paragraph\">La rentr\u00e9e scolaire est plac\u00e9e sous le signe des suppressions de postes d\u00e9cid\u00e9es dans le cadre du budget Macron-Lecornu : partout les classes ferment, les rempla\u00e7ants manquent !<\/p>\n\n\n\n<p class=\"wp-block-paragraph\">Dans cette situation, de nombreux candidats aux concours de recrutement de professeurs des \u00e9coles inscrits sur les listes compl\u00e9mentaires n\u2019ont pas encore \u00e9t\u00e9 recrut\u00e9s en tant que professeur stagiaire ! Et pourtant ces listes compl\u00e9mentaires ont \u00e9t\u00e9 drastiquement r\u00e9duites par le minist\u00e8re ces derni\u00e8res ann\u00e9es\u2026<\/p>\n\n\n\n<p class=\"wp-block-paragraph\">Pour le SNUDI-FO cette situation est inacceptable ! Alors que les personnels manquent dans les \u00e9coles, les recteurs doivent imm\u00e9diatement :<br>\u2013 Recruter la totalit\u00e9 des candidats aux concours inscrits sur les listes compl\u00e9mentaires !<br>\u2013 R\u00e9abonder les listes compl\u00e9mentaires !<\/p>\n\n\n\n<p class=\"wp-block-paragraph\"><strong>Pour porter ces revendications, le SNUDI-FO appelle l\u2019ensemble des candidats aux concours inscrits sur les listes compl\u00e9mentaires \u00e0 se rassembler mercredi 16 septembre \u00e0 14h devant le minist\u00e8re de l\u2019Education nationale \u00e0 Paris, place Bainville (m\u00e9tro Solf\u00e9rino)<\/strong><\/p>\n\n\n\n<p class=\"wp-block-paragraph\">Une demande d\u2019audience a \u00e9t\u00e9 envoy\u00e9e au ministre.<\/p>\n\n\n\n<p class=\"wp-block-paragraph\">Il y a urgence car dans le cadre de la r\u00e9forme des concours, le minist\u00e8re a limit\u00e9 la possibilit\u00e9 de recruter des listes compl\u00e9mentaires au 30 septembre !<\/p>\n","protected":false},"excerpt":{"rendered":"<div class=\"mh-excerpt\">La rentr\u00e9e scolaire est plac\u00e9e sous le signe des suppressions de postes d\u00e9cid\u00e9es dans le cadre du budget Macron-Lecornu : partout les classes ferment, les rempla\u00e7ants manquent ! Dans cette situation, de nombreux candidats aux <a class=\"mh-excerpt-more\" href=\"https:\/\/snudifo14.com\/index.php\/2026\/09\/04\/rassemblement-mercredi-16-septembre-a-14h-devant-le-ministere-pour-le-recrutement-immediat-de-tous-les-candidats-inscrits-sur-les-listes-complementaires\/\" title=\"Rassemblement mercredi 16 septembre \u00e0 14h devant le minist\u00e8re pour le recrutement imm\u00e9diat de tous les candidats inscrits sur les listes compl\u00e9mentaires !\">[&#8230;]<\/a><\/div>\n","protected":false},"author":9,"featured_media":256,"comment_status":"closed","ping_status":"closed","sticky":false,"template":"","format":"standard","meta":{"_price":"","_stock":"","_tribe_ticket_header":"","_tribe_default_ticket_provider":"","_tribe_ticket_capacity":"0","_ticket_start_date":"","_ticket_end_date":"","_tribe_ticket_show_description":"","_tribe_ticket_show_not_going":false,"_tribe_ticket_use_global_stock":"","_tribe_ticket_global_stock_level":"","_global_stock_mode":"","_global_stock_cap":"","_tribe_rsvp_for_event":"","_tribe_ticket_going_count":"","_tribe_ticket_not_going_count":"","_tribe_tickets_list":"[]","_tribe_ticket_has_attendee_info_fields":false,"cybocfi_hide_featured_image":"yes","footnotes":""},"categories":[16],"tags":[],"class_list":["post-417","post","type-post","status-publish","format-standard","has-post-thumbnail","category-postes-et-concours"],"_links":{"self":[{"href":"https:\/\/snudifo14.com\/index.php\/wp-json\/wp\/v2\/posts\/417","targetHints":{"allow":["GET"]}}],"collection":[{"href":"https:\/\/snudifo14.com\/index.php\/wp-json\/wp\/v2\/posts"}],"about":[{"href":"https:\/\/snudifo14.com\/index.php\/wp-json\/wp\/v2\/types\/post"}],"author":[{"embeddable":true,"href":"https:\/\/snudifo14.com\/index.php\/wp-json\/wp\/v2\/users\/9"}],"replies":[{"embeddable":true,"href":"https:\/\/snudifo14.com\/index.php\/wp-json\/wp\/v2\/comments?post=417"}],"version-history":[{"count":1,"href":"https:\/\/snudifo14.com\/index.php\/wp-json\/wp\/v2\/posts\/417\/revisions"}],"predecessor-version":[{"id":418,"href":"https:\/\/snudifo14.com\/index.php\/wp-json\/wp\/v2\/posts\/417\/revisions\/418"}],"wp:featuredmedia":[{"embeddable":true,"href":"https:\/\/snudifo14.com\/index.php\/wp-json\/wp\/v2\/media\/256"}],"wp:attachment":[{"href":"https:\/\/snudifo14.com\/index.php\/wp-json\/wp\/v2\/media?parent=417"}],"wp:term":[{"taxonomy":"category","embeddable":true,"href":"https:\/\/snudifo14.com\/index.php\/wp-json\/wp\/v2\/categories?post=417"},{"taxonomy":"post_tag","embeddable":true,"href":"https:\/\/snudifo14.com\/index.php\/wp-json\/wp\/v2\/tags?post=417"}],"curies":[{"name":"wp","href":"https:\/\/api.w.org\/{rel}","templated":true}]}}