{"id":415,"date":"2026-09-04T10:27:16","date_gmt":"2026-09-04T08:27:16","guid":{"rendered":"https:\/\/snudifo14.com\/?p=415"},"modified":"2026-09-04T10:27:16","modified_gmt":"2026-09-04T08:27:16","slug":"les-personnels-nacceptent-pas-les-conditions-desastreuses-de-la-rentree-scolaire","status":"publish","type":"post","link":"https:\/\/snudifo14.com\/index.php\/2026\/09\/04\/les-personnels-nacceptent-pas-les-conditions-desastreuses-de-la-rentree-scolaire\/","title":{"rendered":"Les personnels n\u2019acceptent pas les conditions d\u00e9sastreuses de la rentr\u00e9e scolaire !"},"content":{"rendered":"\n<p class=\"wp-block-paragraph\">Quelle est la r\u00e9alit\u00e9 de la rentr\u00e9e scolaire dans les \u00e9coles publiques ?<\/p>\n\n\n\n<p class=\"wp-block-paragraph\">La r\u00e9alit\u00e9, c\u2019est qu\u2019alors que 36 milliards d\u2019\u20ac suppl\u00e9mentaires sont attribu\u00e9s au budget des arm\u00e9es, des milliers de classes ont ferm\u00e9. Ces fermetures de classes sont la cons\u00e9quence des 4 000 suppressions de postes du budget Macron-Lecornu adopt\u00e9 avec l\u2019antid\u00e9mocratique article 49-3 et de la g\u00e9n\u00e9ralisation des PAS (p\u00f4les d\u2019appui \u00e0 la scolarit\u00e9) visant \u00e0 r\u00e9duire les notifications MDPH pour les \u00e9l\u00e8ves en situation de handicap et \u00e0 \u00ab coacher \u00bb les enseignants soumis \u00e0 des situations intenables dans leur classe.<\/p>\n\n\n\n<p class=\"wp-block-paragraph\">La r\u00e9alit\u00e9, c\u2019est justement la remise en cause des droits des \u00e9l\u00e8ves \u00e0 besoin particulier : 30 000 \u00e9l\u00e8ves en situation de handicap ne trouvent pas de place \u00e0 laquelle ils ont droit dans les \u00e9tablissements sociaux et m\u00e9dico-sociaux ! Des dizaines de milliers d\u2019AESH manquent en cette rentr\u00e9e scolaire pour accompagner les \u00e9l\u00e8ves en situation de handicap dans leur classe ! Inacceptable !<\/p>\n\n\n\n<p class=\"wp-block-paragraph\">La r\u00e9alit\u00e9, c\u2019est aussi l\u2019affectation de bon nombre de rempla\u00e7ants sur des postes \u00e0 l\u2019ann\u00e9e ce qui augure des probl\u00e8mes consid\u00e9rables de remplacement dans les semaines qui viennent.<br>La r\u00e9alit\u00e9 c\u2019est enfin la poursuite de l\u2019effondrement de notre pouvoir d\u2019achat, personne n\u2019est dupe de la campagne de d\u00e9sinformation du gouvernement \u00e0 ce sujet !<\/p>\n\n\n\n<p class=\"wp-block-paragraph\">Pour autant ce n\u2019est pas la r\u00e9signation qui domine dans les \u00e9coles, mais la col\u00e8re. Ainsi, plusieurs \u00e9coles se sont saisies du pr\u00e9avis de gr\u00e8ve d\u00e9pos\u00e9 en cette rentr\u00e9e par la FNEC FP-FO pour refuser une fermeture de classe ou exiger des recrutements d\u2019AESH \u00e0 hauteur des besoins. C\u2019est le cas \u00e0 Marseille (Bouches-du-Rh\u00f4ne), \u00e0 V\u00e9nissieux (Rh\u00f4ne), \u00e0 Choisy-le-Roi ou \u00e0 Fresnes (Val-de-Marne)\u2026<\/p>\n\n\n\n<p class=\"wp-block-paragraph\">Dans les Yvelines, les enseignants d\u2019une \u00e9cole de Conflans Ste-Honorine avaient d\u00e9pos\u00e9 leur d\u00e9claration d\u2019intention de gr\u00e8ve pour le jour de la rentr\u00e9e car les AESH manquaient dans leur \u00e9cole. Le lundi 31 ao\u00fbt au matin, l\u2019IEN a rencontr\u00e9 l\u2019\u00e9quipe en indiquant que 24h d\u2019accompagnement \u00e9taient couvertes sur les 49h attendues, en appelant les personnels \u00e0 faire une \u00ab rentr\u00e9e apais\u00e9e \u00bb. Les coll\u00e8gues n\u2019ont pas c\u00e9d\u00e9 : ils ont inform\u00e9 les parents d\u2019\u00e9l\u00e8ves et ouvert une caisse de gr\u00e8ve. A 17h, l\u2019IEN appelait la directrice pour indiquer que 48h sur 49h serait couvertes d\u00e8s le 1er septembre, ce qu\u2019elle a confirm\u00e9 par \u00e9crit.<\/p>\n\n\n\n<p class=\"wp-block-paragraph\">Le SNUDI-FO invite les personnels \u00e0 se r\u00e9unir dans leurs \u00e9coles \u00e0 discuter de leurs revendications (besoin d\u2019AESH, exigence d\u2019ouverture de classe ou refus de fermeture\u2026) et des moyens de les faire valoir, y compris par la gr\u00e8ve.<br>Le SNUDI-FO soutiendra toutes les \u00e9coles mobilis\u00e9es et rappelle que le pr\u00e9avis de gr\u00e8ve d\u00e9pos\u00e9 par notre f\u00e9d\u00e9ration, la FNEC FP-FO, couvre toute la premi\u00e8re p\u00e9riode.<\/p>\n\n\n\n<p class=\"wp-block-paragraph\"><\/p>\n","protected":false},"excerpt":{"rendered":"<div class=\"mh-excerpt\">Quelle est la r\u00e9alit\u00e9 de la rentr\u00e9e scolaire dans les \u00e9coles publiques ? La r\u00e9alit\u00e9, c\u2019est qu\u2019alors que 36 milliards d\u2019\u20ac suppl\u00e9mentaires sont attribu\u00e9s au budget des arm\u00e9es, des milliers de classes ont ferm\u00e9. Ces <a class=\"mh-excerpt-more\" href=\"https:\/\/snudifo14.com\/index.php\/2026\/09\/04\/les-personnels-nacceptent-pas-les-conditions-desastreuses-de-la-rentree-scolaire\/\" title=\"Les personnels n\u2019acceptent pas les conditions d\u00e9sastreuses de la rentr\u00e9e scolaire !\">[&#8230;]<\/a><\/div>\n","protected":false},"author":9,"featured_media":188,"comment_status":"closed","ping_status":"closed","sticky":false,"template":"","format":"standard","meta":{"_price":"","_stock":"","_tribe_ticket_header":"","_tribe_default_ticket_provider":"","_tribe_ticket_capacity":"","_ticket_start_date":"","_ticket_end_date":"","_tribe_ticket_show_description":"","_tribe_ticket_show_not_going":false,"_tribe_ticket_use_global_stock":"","_tribe_ticket_global_stock_level":"","_global_stock_mode":"","_global_stock_cap":"","_tribe_rsvp_for_event":"","_tribe_ticket_going_count":"","_tribe_ticket_not_going_count":"","_tribe_tickets_list":"[]","_tribe_ticket_has_attendee_info_fields":false,"cybocfi_hide_featured_image":"yes","footnotes":""},"categories":[11],"tags":[],"class_list":["post-415","post","type-post","status-publish","format-standard","has-post-thumbnail","category-defense-du-statut"],"_links":{"self":[{"href":"https:\/\/snudifo14.com\/index.php\/wp-json\/wp\/v2\/posts\/415","targetHints":{"allow":["GET"]}}],"collection":[{"href":"https:\/\/snudifo14.com\/index.php\/wp-json\/wp\/v2\/posts"}],"about":[{"href":"https:\/\/snudifo14.com\/index.php\/wp-json\/wp\/v2\/types\/post"}],"author":[{"embeddable":true,"href":"https:\/\/snudifo14.com\/index.php\/wp-json\/wp\/v2\/users\/9"}],"replies":[{"embeddable":true,"href":"https:\/\/snudifo14.com\/index.php\/wp-json\/wp\/v2\/comments?post=415"}],"version-history":[{"count":1,"href":"https:\/\/snudifo14.com\/index.php\/wp-json\/wp\/v2\/posts\/415\/revisions"}],"predecessor-version":[{"id":416,"href":"https:\/\/snudifo14.com\/index.php\/wp-json\/wp\/v2\/posts\/415\/revisions\/416"}],"wp:featuredmedia":[{"embeddable":true,"href":"https:\/\/snudifo14.com\/index.php\/wp-json\/wp\/v2\/media\/188"}],"wp:attachment":[{"href":"https:\/\/snudifo14.com\/index.php\/wp-json\/wp\/v2\/media?parent=415"}],"wp:term":[{"taxonomy":"category","embeddable":true,"href":"https:\/\/snudifo14.com\/index.php\/wp-json\/wp\/v2\/categories?post=415"},{"taxonomy":"post_tag","embeddable":true,"href":"https:\/\/snudifo14.com\/index.php\/wp-json\/wp\/v2\/tags?post=415"}],"curies":[{"name":"wp","href":"https:\/\/api.w.org\/{rel}","templated":true}]}}