{"id":408,"date":"2026-09-03T13:08:41","date_gmt":"2026-09-03T11:08:41","guid":{"rendered":"https:\/\/snudifo14.com\/?p=408"},"modified":"2026-09-03T13:09:41","modified_gmt":"2026-09-03T11:09:41","slug":"demande-douverture-a-lecole-bellevue-de-bayeux","status":"publish","type":"post","link":"https:\/\/snudifo14.com\/index.php\/2026\/09\/03\/demande-douverture-a-lecole-bellevue-de-bayeux\/","title":{"rendered":"Demande d&rsquo;ouverture \u00e0 l&rsquo;\u00e9cole Bellevue de Bayeux"},"content":{"rendered":"\n<p class=\"wp-block-paragraph\">Ce mardi 01\/09\/2026, jour de rentr\u00e9e, le SNUDI FO 14 \u00e9tait pr\u00e9sent pour soutenir le mouvement de contestation \u00e0 l&rsquo;initiative des parents d&rsquo;\u00e9l\u00e8ves \u00e0 l&rsquo;\u00e9cole Bellevue de Bayeux dans le but de r\u00e9clamer le maintien de l&rsquo;ouverture de classe d\u00e9cid\u00e9e en mars dernier. Cette ouverture a cependant<strong> \u00e9t\u00e9 annul\u00e9e<\/strong> <strong>en juin par la DASEN<\/strong>, tandis que l&rsquo;effectif annonc\u00e9 compte seulement un \u00e9l\u00e8ve de moins que les pr\u00e9visions prises en compte pour l&rsquo;ouverture initiale. <\/p>\n\n\n\n<p class=\"wp-block-paragraph\">Par ailleurs, l&rsquo;\u00e9cole de Bellevue est une \u00e9cole qui accueille \u00e9galement des \u00e9l\u00e8ves provenant du <strong>foyer d&rsquo;accueil d&rsquo;urgence<\/strong>, \u00e9l\u00e8ves qui ne sont pas pris en compte dans les effectifs \u00e0 la rentr\u00e9e, pourtant ils sont bien pr\u00e9sents dans les classes. Pour cette \u00e9cole, les cons\u00e9quences de cette annulation sont importantes \u00e0 tous les niveaux, en particulier pour la direction dont l&rsquo;ouverture aurait fait basculer la d\u00e9charge \u00e0 100%.<\/p>\n\n\n\n<p class=\"wp-block-paragraph\">L&rsquo;Inspectrice de circonscription qui avait rencontr\u00e9 les parents et les \u00e9quipes n&rsquo;est pas revenue sur l&rsquo;annulation mais accepte le d\u00e9tachement d&rsquo;une brigade pour une journ\u00e9e hebdomadaire afin de renforcer l&rsquo;\u00e9quipe p\u00e9dagogique.<\/p>\n\n\n\n<p class=\"wp-block-paragraph\"> Les parents eux, souhaitent obtenir une audience\u00a0avec la DASEN.<\/p>\n\n\n\n<p class=\"wp-block-paragraph\">Le SNUDI FO 14 appuiera cette demande et les accompagnera, si tel est leur souhait, afin de faire entendre leurs revendications et d&rsquo;obtenir gain de cause.<\/p>\n\n\n\n<p class=\"wp-block-paragraph\"><\/p>\n","protected":false},"excerpt":{"rendered":"<div class=\"mh-excerpt\">Ce mardi 01\/09\/2026, jour de rentr\u00e9e, le SNUDI FO 14 \u00e9tait pr\u00e9sent pour soutenir le mouvement de contestation \u00e0 l&rsquo;initiative des parents d&rsquo;\u00e9l\u00e8ves \u00e0 l&rsquo;\u00e9cole Bellevue de Bayeux dans le but de r\u00e9clamer le maintien <a class=\"mh-excerpt-more\" href=\"https:\/\/snudifo14.com\/index.php\/2026\/09\/03\/demande-douverture-a-lecole-bellevue-de-bayeux\/\" title=\"Demande d&rsquo;ouverture \u00e0 l&rsquo;\u00e9cole Bellevue de Bayeux\">[&#8230;]<\/a><\/div>\n","protected":false},"author":9,"featured_media":409,"comment_status":"closed","ping_status":"closed","sticky":false,"template":"","format":"standard","meta":{"_price":"","_stock":"","_tribe_ticket_header":"","_tribe_default_ticket_provider":"","_tribe_ticket_capacity":"0","_ticket_start_date":"","_ticket_end_date":"","_tribe_ticket_show_description":"","_tribe_ticket_show_not_going":false,"_tribe_ticket_use_global_stock":"","_tribe_ticket_global_stock_level":"","_global_stock_mode":"","_global_stock_cap":"","_tribe_rsvp_for_event":"","_tribe_ticket_going_count":"","_tribe_ticket_not_going_count":"","_tribe_tickets_list":"[]","_tribe_ticket_has_attendee_info_fields":false,"cybocfi_hide_featured_image":"","footnotes":""},"categories":[27],"tags":[],"class_list":["post-408","post","type-post","status-publish","format-standard","has-post-thumbnail","category-mobilisations-locales"],"_links":{"self":[{"href":"https:\/\/snudifo14.com\/index.php\/wp-json\/wp\/v2\/posts\/408","targetHints":{"allow":["GET"]}}],"collection":[{"href":"https:\/\/snudifo14.com\/index.php\/wp-json\/wp\/v2\/posts"}],"about":[{"href":"https:\/\/snudifo14.com\/index.php\/wp-json\/wp\/v2\/types\/post"}],"author":[{"embeddable":true,"href":"https:\/\/snudifo14.com\/index.php\/wp-json\/wp\/v2\/users\/9"}],"replies":[{"embeddable":true,"href":"https:\/\/snudifo14.com\/index.php\/wp-json\/wp\/v2\/comments?post=408"}],"version-history":[{"count":1,"href":"https:\/\/snudifo14.com\/index.php\/wp-json\/wp\/v2\/posts\/408\/revisions"}],"predecessor-version":[{"id":410,"href":"https:\/\/snudifo14.com\/index.php\/wp-json\/wp\/v2\/posts\/408\/revisions\/410"}],"wp:featuredmedia":[{"embeddable":true,"href":"https:\/\/snudifo14.com\/index.php\/wp-json\/wp\/v2\/media\/409"}],"wp:attachment":[{"href":"https:\/\/snudifo14.com\/index.php\/wp-json\/wp\/v2\/media?parent=408"}],"wp:term":[{"taxonomy":"category","embeddable":true,"href":"https:\/\/snudifo14.com\/index.php\/wp-json\/wp\/v2\/categories?post=408"},{"taxonomy":"post_tag","embeddable":true,"href":"https:\/\/snudifo14.com\/index.php\/wp-json\/wp\/v2\/tags?post=408"}],"curies":[{"name":"wp","href":"https:\/\/api.w.org\/{rel}","templated":true}]}}