{"id":391,"date":"2026-09-02T20:32:41","date_gmt":"2026-09-02T18:32:41","guid":{"rendered":"https:\/\/snudifo14.com\/?p=391"},"modified":"2026-09-02T20:32:42","modified_gmt":"2026-09-02T18:32:42","slug":"cr-de-la-visioconference-cyberattaque-visant-leducation-nationale-mardi-25-aout-2026-a-14h","status":"publish","type":"post","link":"https:\/\/snudifo14.com\/index.php\/2026\/09\/02\/cr-de-la-visioconference-cyberattaque-visant-leducation-nationale-mardi-25-aout-2026-a-14h\/","title":{"rendered":"CR de la visioconf\u00e9rence \u201ccyberattaque visant l\u2019Education nationale \u201c, mardi 25 ao\u00fbt 2026 \u00e0 14h"},"content":{"rendered":"\n<p class=\"wp-block-paragraph\">La FNEC FP-FO a particip\u00e9 \u00e0 la visioconf\u00e9rence du 25\/08 convoqu\u00e9e en urgence par le cabinet du ministre, concernant le vol de donn\u00e9es informatiques \u00e0 l\u2019Education nationale.<\/p>\n\n\n\n<p class=\"wp-block-paragraph\">En introduction, le minist\u00e8re s\u2019est voulu rassurant sur un retour \u00e0 la normale dans toutes les acad\u00e9mies, \u00e0 deux exceptions pr\u00e8s, les acad\u00e9mies de Nantes et de Toulouse, o\u00f9 le minist\u00e8re pr\u00e9voit un retour \u00e0 la normale \u00ab sous quinzaine \u00bb. Il conclut par : \u00ab&nbsp;<em>aucun agent ne doit s\u2019inqui\u00e9ter pour le versement des paies. Le n\u00e9cessaire est fait et il ne devrait pas y avoir de rupture<\/em>&nbsp;\u00bb.<\/p>\n\n\n\n<p class=\"wp-block-paragraph\">Pour le minist\u00e8re, \u00e0 l\u2019heure actuelle, il n\u2019y aurait pas eu de vol de donn\u00e9es mais seulement des intrusions. Les investigations sont en cours, tout comme les enqu\u00eates judiciaires. Une plainte a \u00e9t\u00e9 d\u00e9pos\u00e9e et un signalement effectu\u00e9 aupr\u00e8s de la CNIL.<\/p>\n\n\n\n<p class=\"wp-block-paragraph\">Un RETEX est pr\u00e9vu le 11 septembre avec le cabinet du ministre et la DNE. D\u00e8s le 28\/08, une nouvelle visioconf\u00e9rence est programm\u00e9e pour faire un nouveau point avec le ministre, tr\u00e8s attentif \u00e0 la situation.<\/p>\n\n\n\n<p class=\"wp-block-paragraph\">Des OS font part de leurs craintes concernant le vol des donn\u00e9es ainsi que de la difficult\u00e9 de mise en \u0153uvre de certains applicatifs.<\/p>\n\n\n\n<p class=\"wp-block-paragraph\">La FNEC-FP-FO a d\u00e9nonc\u00e9 le fait que le minist\u00e8re n\u2019accorde que deux minutes d\u2019intervention aux syndicats pour se d\u00e9barrasser d\u2019un probl\u00e8me aussi grave. Puis elle a point\u00e9 l\u2019absence d\u2019information publique, pr\u00e9cise et d\u00e9taill\u00e9e : s\u2019il n\u2019y avait pas de risque concernant le versement des payes ou le vol de donn\u00e9es, le minist\u00e8re aurait communiqu\u00e9, or ce n\u2019est pas le cas et les remont\u00e9es de nos syndicats sont tr\u00e8s pr\u00e9occupantes, notamment concernant les affectations de rentr\u00e9e (rempla\u00e7ants, contractuels, stagiaires\u2026), le versement des payes, les renouvellements de contrats.<\/p>\n\n\n\n<p class=\"wp-block-paragraph\">Quelle est l\u2019ampleur de la fuite des donn\u00e9es ? Qui est concern\u00e9 ? Quelles sont les donn\u00e9es compromises ? Le minist\u00e8re a-t-il lui-m\u00eame pris la mesure des risques encourus par ses agents, par les \u00e9l\u00e8ves ?<\/p>\n\n\n\n<p class=\"wp-block-paragraph\">FO a point\u00e9 l\u2019inacceptable faiblesse structurelle de l\u2019informatique, en lien avec les choix budg\u00e9taires du gouvernement et insist\u00e9 sur la situation des personnels devant se d\u00e9brouiller seuls et sans moyens\u2026<\/p>\n\n\n\n<p class=\"wp-block-paragraph\">Elle a demand\u00e9 une information individuelle syst\u00e9matique de tous les agents, une protection sp\u00e9cifique des personnels, des garanties pour les \u00e9tudiants et stagiaires en formation, pour les contractuels, l\u2019absence de toute sanction contre les agents, ainsi que des moyens humains et budg\u00e9taires pour les \u00e9tablissements et les services, sans reporter cette charge sur les personnels \u2014 notamment les personnels de direction \u2014 ni passer par la publication d\u2019un nouveau vad\u00e9m\u00e9cum ou de nouvelles fiches. Les personnels administratifs ne doivent pas faire d\u2019heures suppl\u00e9mentaires pour rattraper le retard !<\/p>\n\n\n\n<p class=\"wp-block-paragraph\">Enfin, nous avons vu la communication du recteur de Nantes. Nous tenons \u00e0 dire que nous ne sommes pas les co-gestionnaires de l\u2019inaction gouvernementale ! C\u2019est \u00e0 l\u2019employeur de prendre ses responsabilit\u00e9s ainsi que toutes les mesures pour que le service public fonctionne, pour que ses personnels soient effectivement prot\u00e9g\u00e9s, et r\u00e9mun\u00e9r\u00e9s ! Nous n\u2019acceptons pas ce fonctionnement de l\u2019Ecole en mode d\u00e9grad\u00e9.<\/p>\n\n\n\n<p class=\"wp-block-paragraph\">Face \u00e0 ces diff\u00e9rentes remarques, les repr\u00e9sentants du minist\u00e8re rappellent que la situation est circonscrite malgr\u00e9 certaines difficult\u00e9s (sans donner davantage de pr\u00e9cisions). Une mission d\u2019inspection sera diligent\u00e9e pour rendre des conclusions au sujet d\u2019une r\u00e9organisation et d\u2019une communication. L\u2019une des premi\u00e8res mesures sera la mise en \u0153uvre de la double authentification.<br>Lors de la r\u00e9union de rentr\u00e9e des recteurs, ces derniers ont re\u00e7u des \u00e9l\u00e9ments de langage pour communiquer sur le probl\u00e8me des intrusions informatiques.<\/p>\n\n\n\n<p class=\"wp-block-paragraph\">Cette visioconf\u00e9rence donne l\u2019impression d\u2019une op\u00e9ration de communication organis\u00e9e en catastrophe, \u00e0 une semaine de la rentr\u00e9e. Son contenu n\u2019a r\u00e9pondu ni aux interrogations ni aux demandes. Le minist\u00e8re appara\u00eet comme d\u00e9pass\u00e9 par la gravit\u00e9 des \u00e9v\u00e9nements, dans l\u2019incapacit\u00e9 d\u2019informer, et surtout de prot\u00e9ger ses agents.<\/p>\n","protected":false},"excerpt":{"rendered":"<div class=\"mh-excerpt\">La FNEC FP-FO a particip\u00e9 \u00e0 la visioconf\u00e9rence du 25\/08 convoqu\u00e9e en urgence par le cabinet du ministre, concernant le vol de donn\u00e9es informatiques \u00e0 l\u2019Education nationale. En introduction, le minist\u00e8re s\u2019est voulu rassurant sur <a class=\"mh-excerpt-more\" href=\"https:\/\/snudifo14.com\/index.php\/2026\/09\/02\/cr-de-la-visioconference-cyberattaque-visant-leducation-nationale-mardi-25-aout-2026-a-14h\/\" title=\"CR de la visioconf\u00e9rence \u201ccyberattaque visant l\u2019Education nationale \u201c, mardi 25 ao\u00fbt 2026 \u00e0 14h\">[&#8230;]<\/a><\/div>\n","protected":false},"author":9,"featured_media":278,"comment_status":"closed","ping_status":"closed","sticky":false,"template":"","format":"standard","meta":{"_price":"","_stock":"","_tribe_ticket_header":"","_tribe_default_ticket_provider":"","_tribe_ticket_capacity":"","_ticket_start_date":"","_ticket_end_date":"","_tribe_ticket_show_description":"","_tribe_ticket_show_not_going":false,"_tribe_ticket_use_global_stock":"","_tribe_ticket_global_stock_level":"","_global_stock_mode":"","_global_stock_cap":"","_tribe_rsvp_for_event":"","_tribe_ticket_going_count":"","_tribe_ticket_not_going_count":"","_tribe_tickets_list":"[]","_tribe_ticket_has_attendee_info_fields":false,"cybocfi_hide_featured_image":"yes","footnotes":""},"categories":[25],"tags":[],"class_list":["post-391","post","type-post","status-publish","format-standard","has-post-thumbnail","category-communiques"],"_links":{"self":[{"href":"https:\/\/snudifo14.com\/index.php\/wp-json\/wp\/v2\/posts\/391","targetHints":{"allow":["GET"]}}],"collection":[{"href":"https:\/\/snudifo14.com\/index.php\/wp-json\/wp\/v2\/posts"}],"about":[{"href":"https:\/\/snudifo14.com\/index.php\/wp-json\/wp\/v2\/types\/post"}],"author":[{"embeddable":true,"href":"https:\/\/snudifo14.com\/index.php\/wp-json\/wp\/v2\/users\/9"}],"replies":[{"embeddable":true,"href":"https:\/\/snudifo14.com\/index.php\/wp-json\/wp\/v2\/comments?post=391"}],"version-history":[{"count":1,"href":"https:\/\/snudifo14.com\/index.php\/wp-json\/wp\/v2\/posts\/391\/revisions"}],"predecessor-version":[{"id":392,"href":"https:\/\/snudifo14.com\/index.php\/wp-json\/wp\/v2\/posts\/391\/revisions\/392"}],"wp:featuredmedia":[{"embeddable":true,"href":"https:\/\/snudifo14.com\/index.php\/wp-json\/wp\/v2\/media\/278"}],"wp:attachment":[{"href":"https:\/\/snudifo14.com\/index.php\/wp-json\/wp\/v2\/media?parent=391"}],"wp:term":[{"taxonomy":"category","embeddable":true,"href":"https:\/\/snudifo14.com\/index.php\/wp-json\/wp\/v2\/categories?post=391"},{"taxonomy":"post_tag","embeddable":true,"href":"https:\/\/snudifo14.com\/index.php\/wp-json\/wp\/v2\/tags?post=391"}],"curies":[{"name":"wp","href":"https:\/\/api.w.org\/{rel}","templated":true}]}}